{"id":1765,"date":"2025-07-28T14:49:57","date_gmt":"2025-07-28T14:49:57","guid":{"rendered":"https:\/\/mujeresdelmar.com\/?p=1765"},"modified":"2025-07-28T14:49:58","modified_gmt":"2025-07-28T14:49:58","slug":"espacio-creativo-la-escalera-entrevista-a-ines-casas","status":"publish","type":"post","link":"https:\/\/mujeresdelmar.com\/en\/espacio-creativo-la-escalera-entrevista-a-ines-casas\/","title":{"rendered":"Espacio Creativo La Escalera: entrevista a In\u00e9s Casas"},"content":{"rendered":"<p>In\u00e9s Casas es ceramista y artista. Nacida en Madrid pero profundamente arraigada a la Bah\u00eda de C\u00e1diz, ha convertido su taller \u2014el<strong> <a href=\"https:\/\/inescasasceramica.es\/espacio-creativo-la-escalera-2\/\">Espacio Creativo La Escalera<\/a><\/strong>\u2014 en un punto de encuentro entre arte, territorio y comunidad. All\u00ed se modelan piezas de cer\u00e1mica, pero tambi\u00e9n ideas, emociones y recuerdos. Su trabajo bebe del entorno: del estero, de los flamencos, de las mareas y de las voces que lo habitan.<\/p>\n\n\n\n<p>En esta entrevista \u2014m\u00e1s bien una conversaci\u00f3n libre entre pinceles, barro y las plantas de su jard\u00edn\u2014, In\u00e9s nos invita a recorrer con ella los caminos del arte y la naturaleza.<\/p>\n\n\n\n<figure class=\"wp-block-image size-large\"><img fetchpriority=\"high\" decoding=\"async\" width=\"1024\" height=\"768\" src=\"https:\/\/mujeresdelmar.com\/wp-content\/uploads\/2025\/07\/WhatsApp-Image-2025-07-28-at-11.13.24-1024x768.jpeg\" alt=\"\" class=\"wp-image-1788\" srcset=\"https:\/\/mujeresdelmar.com\/wp-content\/uploads\/2025\/07\/WhatsApp-Image-2025-07-28-at-11.13.24-1024x768.jpeg 1024w, https:\/\/mujeresdelmar.com\/wp-content\/uploads\/2025\/07\/WhatsApp-Image-2025-07-28-at-11.13.24-300x225.jpeg 300w, https:\/\/mujeresdelmar.com\/wp-content\/uploads\/2025\/07\/WhatsApp-Image-2025-07-28-at-11.13.24-768x576.jpeg 768w, https:\/\/mujeresdelmar.com\/wp-content\/uploads\/2025\/07\/WhatsApp-Image-2025-07-28-at-11.13.24-1536x1152.jpeg 1536w, https:\/\/mujeresdelmar.com\/wp-content\/uploads\/2025\/07\/WhatsApp-Image-2025-07-28-at-11.13.24-16x12.jpeg 16w, https:\/\/mujeresdelmar.com\/wp-content\/uploads\/2025\/07\/WhatsApp-Image-2025-07-28-at-11.13.24.jpeg 1600w\" sizes=\"(max-width: 1024px) 100vw, 1024px\" \/><\/figure>\n\n\n\n<p><strong>\u00a1Hola In\u00e9s!, \u00bfC\u00f3mo llegaste a la Bah\u00eda de C\u00e1diz?<br><\/strong>Yo soy de Madrid. Llegu\u00e9 a C\u00e1diz por gen\u00e9tica, porque mi padre era gaditano, aunque no de la capital. Empec\u00e9 la carrera en la Universidad de C\u00e1diz, pero luego, por temas familiares, me traslad\u00e9 a Sevilla. Volv\u00ed seis a\u00f1os despu\u00e9s con la intenci\u00f3n de montar un centro de creaci\u00f3n art\u00edstica y una escuela. Y lo consegu\u00ed. Tengo un espacio propio que se llama <strong>La Escalera<\/strong>, donde doy clases de cer\u00e1mica y trabajo mis piezas.<\/p>\n\n\n\n<figure class=\"wp-block-image\"><img decoding=\"async\" src=\"https:\/\/lh7-rt.googleusercontent.com\/docsz\/AD_4nXe1fAMG2coaYKujPeY9OimZGC6Z46iF-XuSUhSxNE6He2gatUKLN3wC4DdDVZZwfA8O83V9QlvxH-ZKo7TYVIpdLrEza2tjdJnZf4n-fqcHMTBjuYBdXV3b4WyhF_8k5LprN03nBg?key=k178XtZusspRQT__qHAaCg\" alt=\"\"\/><\/figure>\n\n\n\n<p><strong>\u00bfC\u00f3mo est\u00e1 conectada tu vida o tu obra con la Bah\u00eda?<br><\/strong>Mi obra est\u00e1 muy conectada con la naturaleza, y la naturaleza de la Bah\u00eda de C\u00e1diz es impresionante. Desde que llegu\u00e9, empec\u00e9 a hacer paseos de exploraci\u00f3n, a absorber todo lo que me ofrec\u00eda el entorno. Y esa informaci\u00f3n, esa experiencia directa, la transformo en obra art\u00edstica.<\/p>\n\n\n\n<figure class=\"wp-block-image\"><img decoding=\"async\" src=\"https:\/\/lh7-rt.googleusercontent.com\/docsz\/AD_4nXdtfjZG1poRTcuzRLV-B2Nis6OolPLq6eV8BqlsCGgwWtax6N6FiA-jYwvtE1SYJpLD0-KhBRbH9YZe4oz_a8Q5wzberi9MZub2mCbTt1MQnw2IrFOxnS3XDIczxLXfR1I6SROYZA?key=k178XtZusspRQT__qHAaCg\" alt=\"\"\/><\/figure>\n\n\n\n<p><strong>\u00bfQu\u00e9 significa este lugar para ti?<br><\/strong>La Bah\u00eda de C\u00e1diz, para m\u00ed, es creatividad y libertad. La gente de aqu\u00ed es de las m\u00e1s imaginativas que he conocido, y es un lugar donde es f\u00e1cil expresarse. Hay cercan\u00eda, los mensajes fluyen, se reciben bien. Me siento libre y conectada. A nivel art\u00edstico es un foco de inspiraci\u00f3n enorme. No soy la \u00fanica que se inspira en las salinas o en las marismas. Adem\u00e1s de inspirarte, pasear por ah\u00ed te aporta bienestar. Es calidad de vida.<\/p>\n\n\n\n<p><strong>\u00bfLos materiales que usas en tus obras tambi\u00e9n est\u00e1n conectados con la naturaleza?<br><\/strong>S\u00ed, trabajo con arcilla y con esmaltes y engobes que no son industriales. Son f\u00f3rmulas propias, hechas con materias primas naturales: feldespato, cuarzo, minerales\u2026 Tambi\u00e9n incorporo vidrio reciclado, muchas veces recogido en la playa. Me interesa dar una segunda vida a los materiales, que la obra tambi\u00e9n hable de cuidado y conciencia.<\/p>\n\n\n\n<figure class=\"wp-block-image\"><img decoding=\"async\" src=\"https:\/\/lh7-rt.googleusercontent.com\/docsz\/AD_4nXd2q_BU6a-_4svYOP8pr8YBdlNqrKC147DNPCR0fI7443hyNS1rS4OuJl7_gv3kj-loRz28XEHcbrxkJUJeKUxmAa_C1O8_t99iRCW2EoobX8i6v75GdUOWrdsp6UVOeA5dARAalg?key=k178XtZusspRQT__qHAaCg\" alt=\"\"\/><\/figure>\n\n\n\n<p><strong>Uno de tus murales representa una marisma. \u00bfC\u00f3mo surgi\u00f3 esa obra?<br><\/strong>Como casi todo lo que hago: paseando. Fue al poco de llegar que fuimos a San Fernando, a las salinas, simplemente a dar un paseo. Me fascin\u00f3 ese paisaje. El paisaje, la luz, el sonido del barro al pisar\u2026 Ah\u00ed empez\u00f3 todo. A partir de ah\u00ed empec\u00e9 a ir con m\u00e1s intenci\u00f3n: hice fotos, identifiqu\u00e9 flores, me descargu\u00e9 la lista de plantas de las salinas\u2026 Incluso conoc\u00ed alumnos que eran propietarios de salinas, que me ofrecieron otra visi\u00f3n del lugar. Estuve dos a\u00f1os trabajando en esa obra, <em>Salinas<\/em>. Est\u00e1 completamente amasado a mano y nutrido de todas esas observaciones, paseos y conversaciones.<\/p>\n\n\n\n<figure class=\"wp-block-image\"><img decoding=\"async\" src=\"https:\/\/lh7-rt.googleusercontent.com\/docsz\/AD_4nXc4gI7ZtcqCVsTI4lnYQVdLItmDKDXt_aDxssSyk6iy91SKeVKv2GwmZ7MrftaHaVX_jaD-AN8ATdDJngjREfluUmUO7G6Sg62rKsTkk55-ypjaOYQwfIelmuMOA8wURHiZ_rJ_Zw?key=k178XtZusspRQT__qHAaCg\" alt=\"\"\/><\/figure>\n\n\n\n<p><strong>\u00bfCrees que la Bah\u00eda tambi\u00e9n puede inspirar desde la educaci\u00f3n?<br><\/strong>Absolutamente. La salina, como paisaje antr\u00f3pico, es un ejemplo claro. Es una creaci\u00f3n humana en di\u00e1logo con la naturaleza. Desde el arte tambi\u00e9n transformamos, sobre todo desde lo emocional. Cuando la gente ve el mural y digo \u201cesta es mi visi\u00f3n de las Salinas\u201d, su respuesta suele ser: \u201c\u00a1Es verdad! Las Salinas son impresionantes\u201d. El arte tiene esa capacidad de hacer visible, de revalorizar.<\/p>\n\n\n\n<figure class=\"wp-block-image\"><img decoding=\"async\" src=\"https:\/\/lh7-rt.googleusercontent.com\/docsz\/AD_4nXfsdhnxGv5qpzNDYnPBEwzRYBBrTPfEZEPbjCYbwx8rcPomgL4kcXlv2_GNM-cOXqpdwqczCjvSsirLtW0CkERQom2NOmdjCH5n1xsSCO9YB9H2hjx1UtsjvjYm2YXBmoCq1SRC4A?key=k178XtZusspRQT__qHAaCg\" alt=\"\"\/><\/figure>\n\n\n\n<p><strong>\u00bfEl hecho de que la Bah\u00eda sea un espacio protegido te ha afectado de alguna forma?<br><\/strong>Para nada. Al contrario. Me parece necesaria esa protecci\u00f3n. No la veo como una limitaci\u00f3n, sino como una evidencia de que no hemos sabido cuidar el entorno. La limitaci\u00f3n deber\u00edamos tenerla nosotros, desde el respeto. A m\u00ed nunca me ha impedido nada. M\u00e1s bien me ha permitido observar cosas que, sin esa protecci\u00f3n, probablemente ya no existir\u00edan.<\/p>\n\n\n\n<p><strong>\u00bfHas notado cambios en la Bah\u00eda desde que llegaste?<br><\/strong>S\u00ed. Sobre todo en la infraestructura de acceso. Hay m\u00e1s caminos, m\u00e1s pasarelas, m\u00e1s conexiones. Por ejemplo, cuando llegu\u00e9 no estaba el paso entre Chiclana y San Fernando por el R\u00edo Arillo. Ahora hay m\u00e1s posibilidades de acercarse al parque natural. Y eso es muy positivo.<\/p>\n\n\n\n<p><strong>\u00bfQu\u00e9 esperas para el futuro de la Bah\u00eda?<br><\/strong>Espero que no vaya a peor, porque el cambio clim\u00e1tico me asusta. Me gustar\u00eda que hubiera m\u00e1s conservaci\u00f3n y, sobre todo, m\u00e1s conciencia ciudadana. En mi espacio, en las clases, siempre intento trabajar esa conexi\u00f3n con la naturaleza. Hablar con mis alumnos sobre nutrirnos de ella, pero tambi\u00e9n nutrirla a ella. Es necesario.<\/p>\n\n\n\n<figure class=\"wp-block-image\"><img decoding=\"async\" src=\"https:\/\/lh7-rt.googleusercontent.com\/docsz\/AD_4nXft5yvmzH7SvNbl4rLDLinlI01f9vZ_IC4PFwXaF2e6ztqQfa1VuQ0HqGFGvo12Qnpx9bMZbR9IxYqqUMiQbFW7Rk-RUplFqBtulYuWY1tEKgQd7_1z0TM5--p1OEhsxZ487pOQ0A?key=k178XtZusspRQT__qHAaCg\" alt=\"\"\/><\/figure>\n\n\n\n<p>La obra de In\u00e9s no solo refleja el paisaje natural de la Bah\u00eda, sino tambi\u00e9n su compromiso con la conservaci\u00f3n y la conexi\u00f3n humana con el entorno. En cada pieza hay una historia, un paseo, una planta observada con atenci\u00f3n. Un recordatorio de que el arte, cuando nace del territorio, puede tambi\u00e9n transformarlo.<\/p>\n\n\n\n<figure class=\"wp-block-image\"><img decoding=\"async\" src=\"https:\/\/lh7-rt.googleusercontent.com\/docsz\/AD_4nXdh9OfGDn9v1R1BqROmSXbKiv-UnFaQTX8jkcmFLd5-ODC1gkRXHEevnHM7a1T4GK-8m5EtipCv_Fx6Lgbj-2VqOMA76G46_t2J9DPafw8QxA01ssrhGNLMJgeqUWasjR3iH2TQew?key=k178XtZusspRQT__qHAaCg\" alt=\"\"\/><\/figure>\n\n\n\n<p>Esta entrevista forma parte del <strong>Proyecto <a href=\"https:\/\/mujeresdelmar.com\/en\/rostros-de-la-bahia-de-cadiz\/\">Rostros de la Bah\u00eda de C\u00e1diz<\/a><\/strong>, desarrollado en el marco del proyecto europeo <strong><a href=\"https:\/\/msp4bio.eu\/\">MSP4BIO<\/a><\/strong>. Ha sido liderado por el equipo de la <strong>Universidad de C\u00e1diz<\/strong> (Camila Pegorelli Gomes) y cuenta con la participaci\u00f3n de la <strong>Universidade dos A\u00e7ores<\/strong> (D\u00e9bora Gutierrez) y la asociaci\u00f3n <strong>Mujeres del Mar<\/strong> (Mar\u00eda Maestro y Beatriz Gasalla L\u00f3pez). Puedes ver el v\u00eddeo completo aqu\u00ed:<\/p>\n\n\n\n<figure class=\"wp-block-embed is-type-video is-provider-youtube wp-block-embed-youtube wp-embed-aspect-16-9 wp-has-aspect-ratio\"><div class=\"wp-block-embed__wrapper\">\n<iframe title=\"Cadiz Real Faces\" width=\"800\" height=\"450\" src=\"https:\/\/www.youtube.com\/embed\/-Pfx9N6fV0A?start=1&#038;feature=oembed\" frameborder=\"0\" allow=\"accelerometer; autoplay; clipboard-write; encrypted-media; gyroscope; picture-in-picture; web-share\" referrerpolicy=\"strict-origin-when-cross-origin\" allowfullscreen><\/iframe>\n<\/div><\/figure>\n\n\n\n<p>Si quieres conocer a otras integrantes de Rostros de la Bah\u00eda de C\u00e1diz, visita los siguientes links:<\/p>\n\n\n\n<p><a href=\"https:\/\/mujeresdelmar.com\/en\/salina-santa-teresa-entrevista-a-angeles-chozas\/\">\u00c1ngeles Chozas &#8211; Salina Santa Teresa<\/a><\/p>","protected":false},"excerpt":{"rendered":"<p>In\u00e9s Casas es ceramista y artista. Nacida en Madrid pero profundamente arraigada a la Bah\u00eda de C\u00e1diz, ha convertido su taller \u2014el Espacio Creativo La Escalera\u2014 en un punto de encuentro entre arte, territorio y comunidad. All\u00ed se modelan piezas de cer\u00e1mica, pero tambi\u00e9n ideas, emociones y recuerdos. Su trabajo bebe del entorno: del estero, [&hellip;]<\/p>","protected":false},"author":4,"featured_media":1788,"comment_status":"closed","ping_status":"closed","sticky":false,"template":"","format":"standard","meta":{"footnotes":""},"categories":[8,151],"tags":[167,148,164,162,163,166,165],"class_list":["post-1765","post","type-post","status-publish","format-standard","has-post-thumbnail","hentry","category-historias-de-mujeres","category-proyectos","tag-arte","tag-bahia-de-cadiz","tag-ceramica-en-cadiz","tag-espacio-creativo-la-escalera","tag-la-escalera","tag-marismas","tag-salinas"],"yoast_head":"<!-- This site is optimized with the Yoast SEO plugin v26.0 - https:\/\/yoast.com\/wordpress\/plugins\/seo\/ -->\n<title>Espacio Creativo La Escalera: entrevista a In\u00e9s Casas - Mujeres del Mar<\/title>\n<meta name=\"description\" content=\"Desde su espacio creativo La Escalera, In\u00e9s transforma la naturaleza de la Bah\u00eda de C\u00e1diz en cer\u00e1mica viva.\" \/>\n<meta name=\"robots\" content=\"index, follow, max-snippet:-1, max-image-preview:large, max-video-preview:-1\" \/>\n<link rel=\"canonical\" href=\"https:\/\/mujeresdelmar.com\/en\/espacio-creativo-la-escalera-entrevista-a-ines-casas\/\" \/>\n<meta property=\"og:locale\" content=\"en_US\" \/>\n<meta property=\"og:type\" content=\"article\" \/>\n<meta property=\"og:title\" content=\"Espacio Creativo La Escalera: entrevista a In\u00e9s Casas - Mujeres del Mar\" \/>\n<meta property=\"og:description\" content=\"Desde su espacio creativo La Escalera, In\u00e9s transforma la naturaleza de la Bah\u00eda de C\u00e1diz en cer\u00e1mica viva.\" \/>\n<meta property=\"og:url\" content=\"https:\/\/mujeresdelmar.com\/en\/espacio-creativo-la-escalera-entrevista-a-ines-casas\/\" \/>\n<meta property=\"og:site_name\" content=\"Mujeres del Mar\" \/>\n<meta property=\"article:published_time\" content=\"2025-07-28T14:49:57+00:00\" \/>\n<meta property=\"article:modified_time\" content=\"2025-07-28T14:49:58+00:00\" \/>\n<meta property=\"og:image\" content=\"https:\/\/mujeresdelmar.com\/wp-content\/uploads\/2025\/07\/WhatsApp-Image-2025-07-28-at-11.13.24.jpeg\" \/>\n\t<meta property=\"og:image:width\" content=\"1600\" \/>\n\t<meta property=\"og:image:height\" content=\"1200\" \/>\n\t<meta property=\"og:image:type\" content=\"image\/jpeg\" \/>\n<meta name=\"author\" content=\"Mujeres del Mar\" \/>\n<meta name=\"twitter:card\" content=\"summary_large_image\" \/>\n<meta name=\"twitter:label1\" content=\"Written by\" \/>\n\t<meta name=\"twitter:data1\" content=\"Mujeres del Mar\" \/>\n\t<meta name=\"twitter:label2\" content=\"Est. reading time\" \/>\n\t<meta name=\"twitter:data2\" content=\"6 minutes\" \/>\n<script type=\"application\/ld+json\" class=\"yoast-schema-graph\">{\"@context\":\"https:\/\/schema.org\",\"@graph\":[{\"@type\":\"Article\",\"@id\":\"https:\/\/mujeresdelmar.com\/espacio-creativo-la-escalera-entrevista-a-ines-casas\/#article\",\"isPartOf\":{\"@id\":\"https:\/\/mujeresdelmar.com\/espacio-creativo-la-escalera-entrevista-a-ines-casas\/\"},\"author\":{\"name\":\"Mujeres del Mar\",\"@id\":\"https:\/\/mujeresdelmar.com\/#\/schema\/person\/c29b6e0ea21a6d22dfc17ce0aba961dc\"},\"headline\":\"Espacio Creativo La Escalera: entrevista a In\u00e9s Casas\",\"datePublished\":\"2025-07-28T14:49:57+00:00\",\"dateModified\":\"2025-07-28T14:49:58+00:00\",\"mainEntityOfPage\":{\"@id\":\"https:\/\/mujeresdelmar.com\/espacio-creativo-la-escalera-entrevista-a-ines-casas\/\"},\"wordCount\":1026,\"publisher\":{\"@id\":\"https:\/\/mujeresdelmar.com\/#organization\"},\"image\":{\"@id\":\"https:\/\/mujeresdelmar.com\/espacio-creativo-la-escalera-entrevista-a-ines-casas\/#primaryimage\"},\"thumbnailUrl\":\"https:\/\/mujeresdelmar.com\/wp-content\/uploads\/2025\/07\/WhatsApp-Image-2025-07-28-at-11.13.24.jpeg\",\"keywords\":[\"Arte\",\"Bah\u00eda de C\u00e1diz\",\"cer\u00e1mica en C\u00e1diz\",\"espacio creativo la escalera\",\"la escalera\",\"Marismas\",\"Salinas\"],\"articleSection\":[\"Historias de mujeres\",\"Proyectos\"],\"inLanguage\":\"en-US\"},{\"@type\":\"WebPage\",\"@id\":\"https:\/\/mujeresdelmar.com\/espacio-creativo-la-escalera-entrevista-a-ines-casas\/\",\"url\":\"https:\/\/mujeresdelmar.com\/espacio-creativo-la-escalera-entrevista-a-ines-casas\/\",\"name\":\"Espacio Creativo La Escalera: entrevista a In\u00e9s Casas - Mujeres del Mar\",\"isPartOf\":{\"@id\":\"https:\/\/mujeresdelmar.com\/#website\"},\"primaryImageOfPage\":{\"@id\":\"https:\/\/mujeresdelmar.com\/espacio-creativo-la-escalera-entrevista-a-ines-casas\/#primaryimage\"},\"image\":{\"@id\":\"https:\/\/mujeresdelmar.com\/espacio-creativo-la-escalera-entrevista-a-ines-casas\/#primaryimage\"},\"thumbnailUrl\":\"https:\/\/mujeresdelmar.com\/wp-content\/uploads\/2025\/07\/WhatsApp-Image-2025-07-28-at-11.13.24.jpeg\",\"datePublished\":\"2025-07-28T14:49:57+00:00\",\"dateModified\":\"2025-07-28T14:49:58+00:00\",\"description\":\"Desde su espacio creativo La Escalera, In\u00e9s transforma la naturaleza de la Bah\u00eda de C\u00e1diz en cer\u00e1mica viva.\",\"breadcrumb\":{\"@id\":\"https:\/\/mujeresdelmar.com\/espacio-creativo-la-escalera-entrevista-a-ines-casas\/#breadcrumb\"},\"inLanguage\":\"en-US\",\"potentialAction\":[{\"@type\":\"ReadAction\",\"target\":[\"https:\/\/mujeresdelmar.com\/espacio-creativo-la-escalera-entrevista-a-ines-casas\/\"]}]},{\"@type\":\"ImageObject\",\"inLanguage\":\"en-US\",\"@id\":\"https:\/\/mujeresdelmar.com\/espacio-creativo-la-escalera-entrevista-a-ines-casas\/#primaryimage\",\"url\":\"https:\/\/mujeresdelmar.com\/wp-content\/uploads\/2025\/07\/WhatsApp-Image-2025-07-28-at-11.13.24.jpeg\",\"contentUrl\":\"https:\/\/mujeresdelmar.com\/wp-content\/uploads\/2025\/07\/WhatsApp-Image-2025-07-28-at-11.13.24.jpeg\",\"width\":1600,\"height\":1200},{\"@type\":\"BreadcrumbList\",\"@id\":\"https:\/\/mujeresdelmar.com\/espacio-creativo-la-escalera-entrevista-a-ines-casas\/#breadcrumb\",\"itemListElement\":[{\"@type\":\"ListItem\",\"position\":1,\"name\":\"Portada\",\"item\":\"https:\/\/mujeresdelmar.com\/\"},{\"@type\":\"ListItem\",\"position\":2,\"name\":\"Espacio Creativo La Escalera: entrevista a In\u00e9s Casas\"}]},{\"@type\":\"WebSite\",\"@id\":\"https:\/\/mujeresdelmar.com\/#website\",\"url\":\"https:\/\/mujeresdelmar.com\/\",\"name\":\"Mujeres del Mar\",\"description\":\"Historias inspiradoras de las mujeres que se dedican al mar\",\"publisher\":{\"@id\":\"https:\/\/mujeresdelmar.com\/#organization\"},\"potentialAction\":[{\"@type\":\"SearchAction\",\"target\":{\"@type\":\"EntryPoint\",\"urlTemplate\":\"https:\/\/mujeresdelmar.com\/?s={search_term_string}\"},\"query-input\":{\"@type\":\"PropertyValueSpecification\",\"valueRequired\":true,\"valueName\":\"search_term_string\"}}],\"inLanguage\":\"en-US\"},{\"@type\":\"Organization\",\"@id\":\"https:\/\/mujeresdelmar.com\/#organization\",\"name\":\"Mujeres del Mar\",\"url\":\"https:\/\/mujeresdelmar.com\/\",\"logo\":{\"@type\":\"ImageObject\",\"inLanguage\":\"en-US\",\"@id\":\"https:\/\/mujeresdelmar.com\/#\/schema\/logo\/image\/\",\"url\":\"https:\/\/mujeresdelmar.com\/wp-content\/uploads\/2022\/09\/IMAGO-TAG-1-TEXTURE-3-26-e1672509099822.png\",\"contentUrl\":\"https:\/\/mujeresdelmar.com\/wp-content\/uploads\/2022\/09\/IMAGO-TAG-1-TEXTURE-3-26-e1672509099822.png\",\"width\":1152,\"height\":547,\"caption\":\"Mujeres del Mar\"},\"image\":{\"@id\":\"https:\/\/mujeresdelmar.com\/#\/schema\/logo\/image\/\"},\"sameAs\":[\"https:\/\/www.instagram.com\/mujeresdelmar__\/\",\"https:\/\/www.linkedin.com\/company\/mujeres-del-mar\/\",\"https:\/\/open.spotify.com\/show\/1Zi4gDVZc7e12kOr2MyplQ\"]},{\"@type\":\"Person\",\"@id\":\"https:\/\/mujeresdelmar.com\/#\/schema\/person\/c29b6e0ea21a6d22dfc17ce0aba961dc\",\"name\":\"Mujeres del Mar\",\"image\":{\"@type\":\"ImageObject\",\"inLanguage\":\"en-US\",\"@id\":\"https:\/\/mujeresdelmar.com\/#\/schema\/person\/image\/\",\"url\":\"https:\/\/secure.gravatar.com\/avatar\/20b0d6993ab985700002a8b6c3cb588c52f53fed3bb64cbf97e4b5c074acf95f?s=96&d=mm&r=g\",\"contentUrl\":\"https:\/\/secure.gravatar.com\/avatar\/20b0d6993ab985700002a8b6c3cb588c52f53fed3bb64cbf97e4b5c074acf95f?s=96&d=mm&r=g\",\"caption\":\"Mujeres del Mar\"},\"url\":\"https:\/\/mujeresdelmar.com\/en\/author\/mujeres-del-mar\/\"}]}<\/script>\n<!-- \/ Yoast SEO plugin. -->","yoast_head_json":{"title":"Espacio Creativo La Escalera: entrevista a In\u00e9s Casas - Mujeres del Mar","description":"Desde su espacio creativo La Escalera, In\u00e9s transforma la naturaleza de la Bah\u00eda de C\u00e1diz en cer\u00e1mica viva.","robots":{"index":"index","follow":"follow","max-snippet":"max-snippet:-1","max-image-preview":"max-image-preview:large","max-video-preview":"max-video-preview:-1"},"canonical":"https:\/\/mujeresdelmar.com\/en\/espacio-creativo-la-escalera-entrevista-a-ines-casas\/","og_locale":"en_US","og_type":"article","og_title":"Espacio Creativo La Escalera: entrevista a In\u00e9s Casas - Mujeres del Mar","og_description":"Desde su espacio creativo La Escalera, In\u00e9s transforma la naturaleza de la Bah\u00eda de C\u00e1diz en cer\u00e1mica viva.","og_url":"https:\/\/mujeresdelmar.com\/en\/espacio-creativo-la-escalera-entrevista-a-ines-casas\/","og_site_name":"Mujeres del Mar","article_published_time":"2025-07-28T14:49:57+00:00","article_modified_time":"2025-07-28T14:49:58+00:00","og_image":[{"width":1600,"height":1200,"url":"https:\/\/mujeresdelmar.com\/wp-content\/uploads\/2025\/07\/WhatsApp-Image-2025-07-28-at-11.13.24.jpeg","type":"image\/jpeg"}],"author":"Mujeres del Mar","twitter_card":"summary_large_image","twitter_misc":{"Written by":"Mujeres del Mar","Est. reading time":"6 minutes"},"schema":{"@context":"https:\/\/schema.org","@graph":[{"@type":"Article","@id":"https:\/\/mujeresdelmar.com\/espacio-creativo-la-escalera-entrevista-a-ines-casas\/#article","isPartOf":{"@id":"https:\/\/mujeresdelmar.com\/espacio-creativo-la-escalera-entrevista-a-ines-casas\/"},"author":{"name":"Mujeres del Mar","@id":"https:\/\/mujeresdelmar.com\/#\/schema\/person\/c29b6e0ea21a6d22dfc17ce0aba961dc"},"headline":"Espacio Creativo La Escalera: entrevista a In\u00e9s Casas","datePublished":"2025-07-28T14:49:57+00:00","dateModified":"2025-07-28T14:49:58+00:00","mainEntityOfPage":{"@id":"https:\/\/mujeresdelmar.com\/espacio-creativo-la-escalera-entrevista-a-ines-casas\/"},"wordCount":1026,"publisher":{"@id":"https:\/\/mujeresdelmar.com\/#organization"},"image":{"@id":"https:\/\/mujeresdelmar.com\/espacio-creativo-la-escalera-entrevista-a-ines-casas\/#primaryimage"},"thumbnailUrl":"https:\/\/mujeresdelmar.com\/wp-content\/uploads\/2025\/07\/WhatsApp-Image-2025-07-28-at-11.13.24.jpeg","keywords":["Arte","Bah\u00eda de C\u00e1diz","cer\u00e1mica en C\u00e1diz","espacio creativo la escalera","la escalera","Marismas","Salinas"],"articleSection":["Historias de mujeres","Proyectos"],"inLanguage":"en-US"},{"@type":"WebPage","@id":"https:\/\/mujeresdelmar.com\/espacio-creativo-la-escalera-entrevista-a-ines-casas\/","url":"https:\/\/mujeresdelmar.com\/espacio-creativo-la-escalera-entrevista-a-ines-casas\/","name":"Espacio Creativo La Escalera: entrevista a In\u00e9s Casas - Mujeres del Mar","isPartOf":{"@id":"https:\/\/mujeresdelmar.com\/#website"},"primaryImageOfPage":{"@id":"https:\/\/mujeresdelmar.com\/espacio-creativo-la-escalera-entrevista-a-ines-casas\/#primaryimage"},"image":{"@id":"https:\/\/mujeresdelmar.com\/espacio-creativo-la-escalera-entrevista-a-ines-casas\/#primaryimage"},"thumbnailUrl":"https:\/\/mujeresdelmar.com\/wp-content\/uploads\/2025\/07\/WhatsApp-Image-2025-07-28-at-11.13.24.jpeg","datePublished":"2025-07-28T14:49:57+00:00","dateModified":"2025-07-28T14:49:58+00:00","description":"Desde su espacio creativo La Escalera, In\u00e9s transforma la naturaleza de la Bah\u00eda de C\u00e1diz en cer\u00e1mica viva.","breadcrumb":{"@id":"https:\/\/mujeresdelmar.com\/espacio-creativo-la-escalera-entrevista-a-ines-casas\/#breadcrumb"},"inLanguage":"en-US","potentialAction":[{"@type":"ReadAction","target":["https:\/\/mujeresdelmar.com\/espacio-creativo-la-escalera-entrevista-a-ines-casas\/"]}]},{"@type":"ImageObject","inLanguage":"en-US","@id":"https:\/\/mujeresdelmar.com\/espacio-creativo-la-escalera-entrevista-a-ines-casas\/#primaryimage","url":"https:\/\/mujeresdelmar.com\/wp-content\/uploads\/2025\/07\/WhatsApp-Image-2025-07-28-at-11.13.24.jpeg","contentUrl":"https:\/\/mujeresdelmar.com\/wp-content\/uploads\/2025\/07\/WhatsApp-Image-2025-07-28-at-11.13.24.jpeg","width":1600,"height":1200},{"@type":"BreadcrumbList","@id":"https:\/\/mujeresdelmar.com\/espacio-creativo-la-escalera-entrevista-a-ines-casas\/#breadcrumb","itemListElement":[{"@type":"ListItem","position":1,"name":"Portada","item":"https:\/\/mujeresdelmar.com\/"},{"@type":"ListItem","position":2,"name":"Espacio Creativo La Escalera: entrevista a In\u00e9s Casas"}]},{"@type":"WebSite","@id":"https:\/\/mujeresdelmar.com\/#website","url":"https:\/\/mujeresdelmar.com\/","name":"Mujeres del Mar","description":"Historias inspiradoras de las mujeres que se dedican al mar","publisher":{"@id":"https:\/\/mujeresdelmar.com\/#organization"},"potentialAction":[{"@type":"SearchAction","target":{"@type":"EntryPoint","urlTemplate":"https:\/\/mujeresdelmar.com\/?s={search_term_string}"},"query-input":{"@type":"PropertyValueSpecification","valueRequired":true,"valueName":"search_term_string"}}],"inLanguage":"en-US"},{"@type":"Organization","@id":"https:\/\/mujeresdelmar.com\/#organization","name":"Mujeres del Mar","url":"https:\/\/mujeresdelmar.com\/","logo":{"@type":"ImageObject","inLanguage":"en-US","@id":"https:\/\/mujeresdelmar.com\/#\/schema\/logo\/image\/","url":"https:\/\/mujeresdelmar.com\/wp-content\/uploads\/2022\/09\/IMAGO-TAG-1-TEXTURE-3-26-e1672509099822.png","contentUrl":"https:\/\/mujeresdelmar.com\/wp-content\/uploads\/2022\/09\/IMAGO-TAG-1-TEXTURE-3-26-e1672509099822.png","width":1152,"height":547,"caption":"Mujeres del Mar"},"image":{"@id":"https:\/\/mujeresdelmar.com\/#\/schema\/logo\/image\/"},"sameAs":["https:\/\/www.instagram.com\/mujeresdelmar__\/","https:\/\/www.linkedin.com\/company\/mujeres-del-mar\/","https:\/\/open.spotify.com\/show\/1Zi4gDVZc7e12kOr2MyplQ"]},{"@type":"Person","@id":"https:\/\/mujeresdelmar.com\/#\/schema\/person\/c29b6e0ea21a6d22dfc17ce0aba961dc","name":"Mujeres del Mar","image":{"@type":"ImageObject","inLanguage":"en-US","@id":"https:\/\/mujeresdelmar.com\/#\/schema\/person\/image\/","url":"https:\/\/secure.gravatar.com\/avatar\/20b0d6993ab985700002a8b6c3cb588c52f53fed3bb64cbf97e4b5c074acf95f?s=96&d=mm&r=g","contentUrl":"https:\/\/secure.gravatar.com\/avatar\/20b0d6993ab985700002a8b6c3cb588c52f53fed3bb64cbf97e4b5c074acf95f?s=96&d=mm&r=g","caption":"Mujeres del Mar"},"url":"https:\/\/mujeresdelmar.com\/en\/author\/mujeres-del-mar\/"}]}},"_links":{"self":[{"href":"https:\/\/mujeresdelmar.com\/en\/wp-json\/wp\/v2\/posts\/1765","targetHints":{"allow":["GET"]}}],"collection":[{"href":"https:\/\/mujeresdelmar.com\/en\/wp-json\/wp\/v2\/posts"}],"about":[{"href":"https:\/\/mujeresdelmar.com\/en\/wp-json\/wp\/v2\/types\/post"}],"author":[{"embeddable":true,"href":"https:\/\/mujeresdelmar.com\/en\/wp-json\/wp\/v2\/users\/4"}],"replies":[{"embeddable":true,"href":"https:\/\/mujeresdelmar.com\/en\/wp-json\/wp\/v2\/comments?post=1765"}],"version-history":[{"count":8,"href":"https:\/\/mujeresdelmar.com\/en\/wp-json\/wp\/v2\/posts\/1765\/revisions"}],"predecessor-version":[{"id":1791,"href":"https:\/\/mujeresdelmar.com\/en\/wp-json\/wp\/v2\/posts\/1765\/revisions\/1791"}],"wp:featuredmedia":[{"embeddable":true,"href":"https:\/\/mujeresdelmar.com\/en\/wp-json\/wp\/v2\/media\/1788"}],"wp:attachment":[{"href":"https:\/\/mujeresdelmar.com\/en\/wp-json\/wp\/v2\/media?parent=1765"}],"wp:term":[{"taxonomy":"category","embeddable":true,"href":"https:\/\/mujeresdelmar.com\/en\/wp-json\/wp\/v2\/categories?post=1765"},{"taxonomy":"post_tag","embeddable":true,"href":"https:\/\/mujeresdelmar.com\/en\/wp-json\/wp\/v2\/tags?post=1765"}],"curies":[{"name":"wp","href":"https:\/\/api.w.org\/{rel}","templated":true}]}}