{"id":1769,"date":"2025-07-21T15:15:32","date_gmt":"2025-07-21T15:15:32","guid":{"rendered":"https:\/\/mujeresdelmar.com\/?p=1769"},"modified":"2025-07-28T14:50:51","modified_gmt":"2025-07-28T14:50:51","slug":"salina-santa-teresa-entrevista-a-angeles-chozas","status":"publish","type":"post","link":"https:\/\/mujeresdelmar.com\/en\/salina-santa-teresa-entrevista-a-angeles-chozas\/","title":{"rendered":"Salina Santa Teresa: entrevista a \u00c1ngeles Chozas"},"content":{"rendered":"<p><strong>\u00c1ngeles Chozas <\/strong>nos abre las puertas de<strong> <a href=\"https:\/\/salinasantateresa.es\/\">Salina Santa Teresa<\/a><\/strong>, un proyecto familiar que ha transformado una antigua salina abandonada en Chiclana en un espacio vivo de naturaleza, gastronom\u00eda y sostenibilidad. Junto a su hermana Isabel y su padre, ha devuelto el pulso a este rinc\u00f3n de la Bah\u00eda de C\u00e1diz, convirti\u00e9ndolo en un modelo inspirador de turismo responsable.<\/p>\n\n\n\n<figure class=\"wp-block-image\"><img decoding=\"async\" src=\"https:\/\/lh7-rt.googleusercontent.com\/docsz\/AD_4nXekC0LcB3BVXGib6V6lXb3CQVi9hQmcN8hgPcETh9GcKdf2eM6mLtBOKTDCs7P5tDFgxN1284lAadySTf1-r0PpqEX40mzqiejAqpPy5wvWxcHElUdeCjSeEFOIhS0pcDMltuoi?key=y513bjP9bDrOFj_P5CbVCA\" alt=\"\"\/><\/figure>\n\n\n\n<p>Las salinas tradicionales como Santa Teresa son ecosistemas de <a href=\"https:\/\/mujeresdelmar.com\/en\/servicios-ecosistemicos-del-parque-natural-bahia-de-cadiz\/\">gran valor ecol\u00f3gico<\/a>. Suelen formar parte de humedales costeros que albergan biodiversidad crucial, especialmente aves acu\u00e1ticas. Esta salina est\u00e1 integrada en el <strong>Parque Natural Bah\u00eda de C\u00e1diz<\/strong>, zona protegida y declarada ZEPA (Zona de Especial Protecci\u00f3n para las Aves).<\/p>\n\n\n\n<p><strong>\u00a1Hola \u00c1ngeles! cu\u00e9ntanos qui\u00e9n eres y c\u00f3mo llegaste a trabajar en este proyecto<br><\/strong>Mi nombre es \u00c1ngeles Chozas y soy la directora comercial de Salina Santa Teresa. Este proyecto lo iniciamos mi hermana Isabel y yo. En principio iba a ser solo suyo, porque ella estudi\u00f3 Gastronom\u00eda y Artes Culinarias y quer\u00eda abrir un restaurante en plena naturaleza. Yo me un\u00ed unos meses despu\u00e9s para llevar la parte comercial, el marketing y las visitas escolares, ya que soy maestra de Educaci\u00f3n Infantil y Primaria.<\/p>\n\n\n\n<p><strong>H\u00e1blanos un poco m\u00e1s de Salinas Santa Teresa<br><\/strong>Salina Santa Teresa estuvo abandonada durante m\u00e1s de 30 a\u00f1os. Se convirti\u00f3 en un vertedero y dej\u00f3 de producir sal y de acoger aves. Hoy la hemos recuperado. Volvemos a producir sal artesanal entre junio y septiembre, que usamos para nuestro restaurante.<\/p>\n\n\n\n<figure class=\"wp-block-image\"><img decoding=\"async\" src=\"https:\/\/lh7-rt.googleusercontent.com\/docsz\/AD_4nXdIG8UunOtcw8YCrcbuoZu5ATdAxOFEF62XmlInxjg1drS9VP9q8a2lB7mSpVhVqjIOt91NRJKbrBg9DFvMhjQWYCnRzZof7o_zU9yPx7NuM0_4_YvSNiaBzuJL1ytmKNy5l71t_A?key=y513bjP9bDrOFj_P5CbVCA\" alt=\"\"\/><\/figure>\n\n\n\n<p>Adem\u00e1s, aprovechamos el agua hipersalina para ofrecer una experiencia de <strong>talasoterapia<\/strong>: tenemos dos piscinas, una de magnesio y otra de fango, donde las personas pueden relajarse y mejorar su piel. Es un espacio terap\u00e9utico en plena naturaleza. Y todo esto, acompa\u00f1ado por el sonido de las aves. Es pura armon\u00eda.<\/p>\n\n\n\n<figure class=\"wp-block-image\"><img decoding=\"async\" src=\"https:\/\/lh7-rt.googleusercontent.com\/docsz\/AD_4nXcyR-ikCL-cPkhBgj0TOpBMaJUBBxe8EcuR8bIwoQxtfwni_F0F9D-N-2yyv-aHjMJuUQxLkElWXhtEbjHZa29EEeYJbEaQX8IZyhBTaJibFg37oFn7ELt4rfEIzAXWC_UC_2og?key=y513bjP9bDrOFj_P5CbVCA\" alt=\"\"\/><\/figure>\n\n\n\n<p><strong>\u00bfC\u00f3mo est\u00e1 conectada vuestra vida con la Bah\u00eda de C\u00e1diz?<br><\/strong>Al 100%. Somos de Chiclana de toda la vida. Nos encanta nuestro entorno: nuestras playas, nuestros esteros, la Bah\u00eda\u2026 Aqu\u00ed lo tenemos todo. No hace falta salir fuera para encontrar belleza. Poder tener nuestro proyecto aqu\u00ed, en casa y rodeadas de naturaleza, es lo m\u00e1s gratificante que hemos hecho nunca.<\/p>\n\n\n\n<p><strong>\u00bfQu\u00e9 significa este lugar para ti, a nivel personal?<br><\/strong>Para m\u00ed este proyecto es todo. Es mi d\u00eda y mi noche. Ya no es solo trabajo: es una forma de vida. Cuando trabajas aqu\u00ed, las horas pasan volando. Pasear por la salina, hablar con los visitantes, contarles el proyecto&#8230; Es algo que me llena por completo.<\/p>\n\n\n\n<figure class=\"wp-block-image\"><img decoding=\"async\" src=\"https:\/\/lh7-rt.googleusercontent.com\/docsz\/AD_4nXeElgIU6s43nJHZkzAJKBL7klkI_WKGvurqvUnqNamEOF7akE5eZsgvrrE3Bbt7hs_usP5APzq67GiR2MzV1MzG46wcM82BxW6-B9h_3oWNNo1Oo64CcWFQrqmx-NDLytRSMgb_xw?key=y513bjP9bDrOFj_P5CbVCA\" alt=\"\"\/><\/figure>\n\n\n\n<p><strong>\u00bfQu\u00e9 valor crees que aporta la Bah\u00eda de C\u00e1diz?<br><\/strong>Para m\u00ed, la palabra es <strong>pureza<\/strong>. Poder respirar en un entorno as\u00ed, trabajar al aire libre, dar un paseo antes de empezar la jornada\u2026 Es un privilegio. Agradezco much\u00edsimo no estar entre cuatro paredes. Y este sitio no es solo bonito, es sanador.<\/p>\n\n\n\n<p><strong>\u00bfC\u00f3mo vives el hecho de trabajar en un espacio protegido?<br><\/strong>Tiene su parte complicada. El gran reto es la falta de concienciaci\u00f3n social. Nosotros hacemos mucho esfuerzo en sensibilizar a los visitantes. Les explicamos qu\u00e9 es un <a href=\"https:\/\/www.juntadeandalucia.es\/medioambiente\/portal\/web\/ventanadelvisitante\/detalle-buscador-mapa\/-\/asset_publisher\/Jlbxh2qB3NwR\/content\/bah%C3%8Da-de-c%C3%81diz\/255035\">parque natural<\/a>, por qu\u00e9 hay normas, qu\u00e9 significa que estemos en una ZEPA.<\/p>\n\n\n\n<p>Muchas personas lo desconocen y no respetan. Por ejemplo, soltar un perro en ciertas zonas puede provocar que una cr\u00eda de ave no nazca. Tenemos carteles grandes avisando, pero a\u00fan as\u00ed cuesta. Falta educaci\u00f3n ambiental, y eso es algo que intentamos cubrir en cada visita.<\/p>\n\n\n\n<p><strong>\u00bfY las administraciones, ayudan o dificultan?<br><\/strong>Es un proyecto medioambiental complejo, con muchas instituciones involucradas. Nos hemos encontrado algunas barreras burocr\u00e1ticas, pero ahora ya lo tenemos bastante encaminado. Lo que falta es m\u00e1s implicaci\u00f3n colectiva: desde las instituciones hasta los ciudadanos.<\/p>\n\n\n\n<figure class=\"wp-block-image\"><img decoding=\"async\" src=\"https:\/\/lh7-rt.googleusercontent.com\/docsz\/AD_4nXdheiON9TQDhLbbbpny9uQugjkAN4dKNM_JLn6zalSuQuk1bm4QArv9YBiQMUonqFJM1NWNMxLdHTZxjeqsq_zqeNImD0IiNyWQ4Dls4zZIF-t-M5E1OXozoEE-PWvx3lEBoMSyRQ?key=y513bjP9bDrOFj_P5CbVCA\" alt=\"\"\/><\/figure>\n\n\n\n<p><strong>\u00bfCrees que vuestro trabajo influye en el turismo que llega a la zona? \u00bfY al rev\u00e9s?<br><\/strong>Totalmente. Nuestro proyecto potencia un turismo diferente: rural, sostenible, cultural, gastron\u00f3mico. Es otra forma de visitar la Bah\u00eda. No es solo sol y playa: aqu\u00ed hay mucho por descubrir. De hecho, nosotras no queremos que el turista venga solo a consumir. Aqu\u00ed no hace falta gastar para disfrutar: puedes pasear, entrar al centro de interpretaci\u00f3n, escanear c\u00f3digos QR y empaparte de historia y naturaleza. Y si haces una visita guiada y comes en nuestro restaurante, te llevas tanto conocimiento como sabor. A veces salgo a hablar con visitantes aunque no hayan reservado, y siempre se van alucinados.<\/p>\n\n\n\n<figure class=\"wp-block-image\"><img decoding=\"async\" src=\"https:\/\/lh7-rt.googleusercontent.com\/docsz\/AD_4nXeHRs6se-bLcG67FKV4Zm75VcfJFNrja7zJ8Cv5ni77b8bdKozXlgPQTpQaDqsgez-7TrtV9cE4ZBz44RvoPThxdBvAATMJ_yCGUrtql052r1exKjo8rB7zrTrRY1S1vFjnqdN2ZQ?key=y513bjP9bDrOFj_P5CbVCA\" alt=\"\"\/><\/figure>\n\n\n\n<p><strong>\u00bfHas notado alg\u00fan cambio en estos a\u00f1os?<br><\/strong>En cuanto al turismo, s\u00ed: Chiclana est\u00e1 en auge. Cada vez hay m\u00e1s reservas, m\u00e1s visitantes. Antes ibas a un restaurante sin avisar; ahora necesitas reservar con d\u00edas de antelaci\u00f3n, tambi\u00e9n aqu\u00ed. Se nota que C\u00e1diz est\u00e1 en el mapa tur\u00edstico, pero a\u00fan falta que se conozca m\u00e1s todo lo que ofrece el interior de la Bah\u00eda.<\/p>\n\n\n\n<p><strong>\u00bfQu\u00e9 esperas para el futuro de la Bah\u00eda?<br><\/strong>Me gustar\u00eda que hubiera m\u00e1s campa\u00f1as y actividades gratuitas promovidas por las administraciones, para que todas las personas \u2014independientemente de sus recursos\u2014 puedan disfrutar de este entorno. Y que nunca se baje el nivel de protecci\u00f3n y conservaci\u00f3n. Tenemos un parque natural enorme, con much\u00edsimo valor, y hay que seguir invirtiendo en su cuidado.<\/p>\n\n\n\n<p><\/p>\n\n\n\n<figure class=\"wp-block-image\"><img decoding=\"async\" src=\"https:\/\/lh7-rt.googleusercontent.com\/docsz\/AD_4nXd4245P2RUWVn3_sTQT4EqZkTYJTRmzZNQ5iKmDE2yvWAtTQK0m6s4mZ9bQCe4Hc76thQZolmIL-fWd25wt290OwFijxPMJe7gEO5uHpuGMkoJLlFaZVa5sfYbaEKG3dygaiGUV?key=y513bjP9bDrOFj_P5CbVCA\" alt=\"\"\/><\/figure>\n\n\n\n<p>La pasi\u00f3n de \u00c1ngeles es contagiosa: habla de la salina como si hablara de un ser vivo al que cuidar y mostrar al mundo. Su labor diaria, a pie de campo, no solo pone en valor este ecosistema, sino que tambi\u00e9n educa y sensibiliza. Un ejemplo de c\u00f3mo el compromiso personal puede activar el respeto colectivo hacia los espacios naturales.<\/p>\n\n\n\n<p>Si tienes ocasi\u00f3n&#8230;\u00a1no dejes de visitar <strong>Salina Santa Teresa<\/strong> y dejarte guiar por quienes han devuelto la vida a este rinc\u00f3n de la Bah\u00eda!<\/p>\n\n\n\n<p>Esta entrevista forma parte del <strong>Proyecto <a href=\"https:\/\/mujeresdelmar.com\/en\/rostros-de-la-bahia-de-cadiz\/\">Rostros de la Bah\u00eda de C\u00e1diz<\/a><\/strong>, desarrollado en el marco del proyecto europeo <strong><a href=\"https:\/\/msp4bio.eu\/\">MSP4BIO<\/a><\/strong>. Ha sido liderado por el equipo de la <strong>Universidad de C\u00e1diz<\/strong> (Camila Pegorelli Gomes) y cuenta con la participaci\u00f3n de la <strong>Universidade dos A\u00e7ores<\/strong> (D\u00e9bora Gutierrez) y <strong>Mujeres del Mar<\/strong> (Mar\u00eda Maestro y Beatriz Gasalla L\u00f3pez). Puedes ver el v\u00eddeo del proyecto aqu\u00ed:<\/p>\n\n\n\n<figure class=\"wp-block-embed is-type-video is-provider-youtube wp-block-embed-youtube wp-embed-aspect-16-9 wp-has-aspect-ratio\"><div class=\"wp-block-embed__wrapper\">\n<iframe title=\"Cadiz Real Faces\" width=\"800\" height=\"450\" src=\"https:\/\/www.youtube.com\/embed\/-Pfx9N6fV0A?feature=oembed\" frameborder=\"0\" allow=\"accelerometer; autoplay; clipboard-write; encrypted-media; gyroscope; picture-in-picture; web-share\" referrerpolicy=\"strict-origin-when-cross-origin\" allowfullscreen><\/iframe>\n<\/div><\/figure>\n\n\n\n<p>Si quieres conocer a otras integrantes de Rostros de la Bah\u00eda de C\u00e1diz, visita los siguientes links:<\/p>\n\n\n\n<p><a href=\"https:\/\/mujeresdelmar.com\/en\/espacio-creativo-la-escalera-entrevista-a-ines-casas\/\">In\u00e9s Casas &#8211; Espacio Creativo La Escalera<\/a><\/p>","protected":false},"excerpt":{"rendered":"<p>\u00c1ngeles Chozas nos abre las puertas de Salina Santa Teresa, un proyecto familiar que ha transformado una antigua salina abandonada en Chiclana en un espacio vivo de naturaleza, gastronom\u00eda y sostenibilidad. Junto a su hermana Isabel y su padre, ha devuelto el pulso a este rinc\u00f3n de la Bah\u00eda de C\u00e1diz, convirti\u00e9ndolo en un modelo [&hellip;]<\/p>","protected":false},"author":4,"featured_media":1777,"comment_status":"closed","ping_status":"closed","sticky":false,"template":"","format":"standard","meta":{"footnotes":""},"categories":[96,8,151],"tags":[79,148,41,160,153,159,161],"class_list":["post-1769","post","type-post","status-publish","format-standard","has-post-thumbnail","hentry","category-economia-azul","category-historias-de-mujeres","category-proyectos","tag-areas-marinas-protegidas","tag-bahia-de-cadiz","tag-conservacion-marina","tag-rostros-de-la-bahia","tag-salina-santa-teresa","tag-spa-salino","tag-talasoterapia"],"yoast_head":"<!-- This site is optimized with the Yoast SEO plugin v26.0 - https:\/\/yoast.com\/wordpress\/plugins\/seo\/ -->\n<title>Salina Santa Teresa: entrevista a \u00c1ngeles Chozas - Mujeres del Mar<\/title>\n<meta name=\"description\" content=\"\u00c1ngeles Chozas nos habla de Salina Santa Teresa, que une gastronom\u00eda, educaci\u00f3n y amor por la Bah\u00eda de C\u00e1diz en un entorno natural protegido.\" \/>\n<meta name=\"robots\" content=\"index, follow, max-snippet:-1, max-image-preview:large, max-video-preview:-1\" \/>\n<link rel=\"canonical\" href=\"https:\/\/mujeresdelmar.com\/en\/salina-santa-teresa-entrevista-a-angeles-chozas\/\" \/>\n<meta property=\"og:locale\" content=\"en_US\" \/>\n<meta property=\"og:type\" content=\"article\" \/>\n<meta property=\"og:title\" content=\"Salina Santa Teresa: entrevista a \u00c1ngeles Chozas - Mujeres del Mar\" \/>\n<meta property=\"og:description\" content=\"\u00c1ngeles Chozas nos habla de Salina Santa Teresa, que une gastronom\u00eda, educaci\u00f3n y amor por la Bah\u00eda de C\u00e1diz en un entorno natural protegido.\" \/>\n<meta property=\"og:url\" content=\"https:\/\/mujeresdelmar.com\/en\/salina-santa-teresa-entrevista-a-angeles-chozas\/\" \/>\n<meta property=\"og:site_name\" content=\"Mujeres del Mar\" \/>\n<meta property=\"article:published_time\" content=\"2025-07-21T15:15:32+00:00\" \/>\n<meta property=\"article:modified_time\" content=\"2025-07-28T14:50:51+00:00\" \/>\n<meta property=\"og:image\" content=\"https:\/\/mujeresdelmar.com\/wp-content\/uploads\/2025\/07\/Angeles-Salina-Santa-Teresa.jpg\" \/>\n\t<meta property=\"og:image:width\" content=\"1600\" \/>\n\t<meta property=\"og:image:height\" content=\"1064\" \/>\n\t<meta property=\"og:image:type\" content=\"image\/jpeg\" \/>\n<meta name=\"author\" content=\"Mujeres del Mar\" \/>\n<meta name=\"twitter:card\" content=\"summary_large_image\" \/>\n<meta name=\"twitter:label1\" content=\"Written by\" \/>\n\t<meta name=\"twitter:data1\" content=\"Mujeres del Mar\" \/>\n\t<meta name=\"twitter:label2\" content=\"Est. reading time\" \/>\n\t<meta name=\"twitter:data2\" content=\"7 minutes\" \/>\n<script type=\"application\/ld+json\" class=\"yoast-schema-graph\">{\"@context\":\"https:\/\/schema.org\",\"@graph\":[{\"@type\":\"Article\",\"@id\":\"https:\/\/mujeresdelmar.com\/salina-santa-teresa-entrevista-a-angeles-chozas\/#article\",\"isPartOf\":{\"@id\":\"https:\/\/mujeresdelmar.com\/salina-santa-teresa-entrevista-a-angeles-chozas\/\"},\"author\":{\"name\":\"Mujeres del Mar\",\"@id\":\"https:\/\/mujeresdelmar.com\/#\/schema\/person\/c29b6e0ea21a6d22dfc17ce0aba961dc\"},\"headline\":\"Salina Santa Teresa: entrevista a \u00c1ngeles Chozas\",\"datePublished\":\"2025-07-21T15:15:32+00:00\",\"dateModified\":\"2025-07-28T14:50:51+00:00\",\"mainEntityOfPage\":{\"@id\":\"https:\/\/mujeresdelmar.com\/salina-santa-teresa-entrevista-a-angeles-chozas\/\"},\"wordCount\":1106,\"publisher\":{\"@id\":\"https:\/\/mujeresdelmar.com\/#organization\"},\"image\":{\"@id\":\"https:\/\/mujeresdelmar.com\/salina-santa-teresa-entrevista-a-angeles-chozas\/#primaryimage\"},\"thumbnailUrl\":\"https:\/\/mujeresdelmar.com\/wp-content\/uploads\/2025\/07\/Angeles-Salina-Santa-Teresa.jpg\",\"keywords\":[\"areas marinas protegidas\",\"Bah\u00eda de C\u00e1diz\",\"conservaci\u00f3n marina\",\"Rostros de la Bah\u00eda\",\"Salina Santa Teresa\",\"Spa Salino\",\"Talasoterapia\"],\"articleSection\":[\"Econom\u00eda Azul\",\"Historias de mujeres\",\"Proyectos\"],\"inLanguage\":\"en-US\"},{\"@type\":\"WebPage\",\"@id\":\"https:\/\/mujeresdelmar.com\/salina-santa-teresa-entrevista-a-angeles-chozas\/\",\"url\":\"https:\/\/mujeresdelmar.com\/salina-santa-teresa-entrevista-a-angeles-chozas\/\",\"name\":\"Salina Santa Teresa: entrevista a \u00c1ngeles Chozas - Mujeres del Mar\",\"isPartOf\":{\"@id\":\"https:\/\/mujeresdelmar.com\/#website\"},\"primaryImageOfPage\":{\"@id\":\"https:\/\/mujeresdelmar.com\/salina-santa-teresa-entrevista-a-angeles-chozas\/#primaryimage\"},\"image\":{\"@id\":\"https:\/\/mujeresdelmar.com\/salina-santa-teresa-entrevista-a-angeles-chozas\/#primaryimage\"},\"thumbnailUrl\":\"https:\/\/mujeresdelmar.com\/wp-content\/uploads\/2025\/07\/Angeles-Salina-Santa-Teresa.jpg\",\"datePublished\":\"2025-07-21T15:15:32+00:00\",\"dateModified\":\"2025-07-28T14:50:51+00:00\",\"description\":\"\u00c1ngeles Chozas nos habla de Salina Santa Teresa, que une gastronom\u00eda, educaci\u00f3n y amor por la Bah\u00eda de C\u00e1diz en un entorno natural protegido.\",\"breadcrumb\":{\"@id\":\"https:\/\/mujeresdelmar.com\/salina-santa-teresa-entrevista-a-angeles-chozas\/#breadcrumb\"},\"inLanguage\":\"en-US\",\"potentialAction\":[{\"@type\":\"ReadAction\",\"target\":[\"https:\/\/mujeresdelmar.com\/salina-santa-teresa-entrevista-a-angeles-chozas\/\"]}]},{\"@type\":\"ImageObject\",\"inLanguage\":\"en-US\",\"@id\":\"https:\/\/mujeresdelmar.com\/salina-santa-teresa-entrevista-a-angeles-chozas\/#primaryimage\",\"url\":\"https:\/\/mujeresdelmar.com\/wp-content\/uploads\/2025\/07\/Angeles-Salina-Santa-Teresa.jpg\",\"contentUrl\":\"https:\/\/mujeresdelmar.com\/wp-content\/uploads\/2025\/07\/Angeles-Salina-Santa-Teresa.jpg\",\"width\":1600,\"height\":1064},{\"@type\":\"BreadcrumbList\",\"@id\":\"https:\/\/mujeresdelmar.com\/salina-santa-teresa-entrevista-a-angeles-chozas\/#breadcrumb\",\"itemListElement\":[{\"@type\":\"ListItem\",\"position\":1,\"name\":\"Portada\",\"item\":\"https:\/\/mujeresdelmar.com\/\"},{\"@type\":\"ListItem\",\"position\":2,\"name\":\"Salina Santa Teresa: entrevista a \u00c1ngeles Chozas\"}]},{\"@type\":\"WebSite\",\"@id\":\"https:\/\/mujeresdelmar.com\/#website\",\"url\":\"https:\/\/mujeresdelmar.com\/\",\"name\":\"Mujeres del Mar\",\"description\":\"Historias inspiradoras de las mujeres que se dedican al mar\",\"publisher\":{\"@id\":\"https:\/\/mujeresdelmar.com\/#organization\"},\"potentialAction\":[{\"@type\":\"SearchAction\",\"target\":{\"@type\":\"EntryPoint\",\"urlTemplate\":\"https:\/\/mujeresdelmar.com\/?s={search_term_string}\"},\"query-input\":{\"@type\":\"PropertyValueSpecification\",\"valueRequired\":true,\"valueName\":\"search_term_string\"}}],\"inLanguage\":\"en-US\"},{\"@type\":\"Organization\",\"@id\":\"https:\/\/mujeresdelmar.com\/#organization\",\"name\":\"Mujeres del Mar\",\"url\":\"https:\/\/mujeresdelmar.com\/\",\"logo\":{\"@type\":\"ImageObject\",\"inLanguage\":\"en-US\",\"@id\":\"https:\/\/mujeresdelmar.com\/#\/schema\/logo\/image\/\",\"url\":\"https:\/\/mujeresdelmar.com\/wp-content\/uploads\/2022\/09\/IMAGO-TAG-1-TEXTURE-3-26-e1672509099822.png\",\"contentUrl\":\"https:\/\/mujeresdelmar.com\/wp-content\/uploads\/2022\/09\/IMAGO-TAG-1-TEXTURE-3-26-e1672509099822.png\",\"width\":1152,\"height\":547,\"caption\":\"Mujeres del Mar\"},\"image\":{\"@id\":\"https:\/\/mujeresdelmar.com\/#\/schema\/logo\/image\/\"},\"sameAs\":[\"https:\/\/www.instagram.com\/mujeresdelmar__\/\",\"https:\/\/www.linkedin.com\/company\/mujeres-del-mar\/\",\"https:\/\/open.spotify.com\/show\/1Zi4gDVZc7e12kOr2MyplQ\"]},{\"@type\":\"Person\",\"@id\":\"https:\/\/mujeresdelmar.com\/#\/schema\/person\/c29b6e0ea21a6d22dfc17ce0aba961dc\",\"name\":\"Mujeres del Mar\",\"image\":{\"@type\":\"ImageObject\",\"inLanguage\":\"en-US\",\"@id\":\"https:\/\/mujeresdelmar.com\/#\/schema\/person\/image\/\",\"url\":\"https:\/\/secure.gravatar.com\/avatar\/20b0d6993ab985700002a8b6c3cb588c52f53fed3bb64cbf97e4b5c074acf95f?s=96&d=mm&r=g\",\"contentUrl\":\"https:\/\/secure.gravatar.com\/avatar\/20b0d6993ab985700002a8b6c3cb588c52f53fed3bb64cbf97e4b5c074acf95f?s=96&d=mm&r=g\",\"caption\":\"Mujeres del Mar\"},\"url\":\"https:\/\/mujeresdelmar.com\/en\/author\/mujeres-del-mar\/\"}]}<\/script>\n<!-- \/ Yoast SEO plugin. -->","yoast_head_json":{"title":"Salina Santa Teresa: entrevista a \u00c1ngeles Chozas - Mujeres del Mar","description":"\u00c1ngeles Chozas nos habla de Salina Santa Teresa, que une gastronom\u00eda, educaci\u00f3n y amor por la Bah\u00eda de C\u00e1diz en un entorno natural protegido.","robots":{"index":"index","follow":"follow","max-snippet":"max-snippet:-1","max-image-preview":"max-image-preview:large","max-video-preview":"max-video-preview:-1"},"canonical":"https:\/\/mujeresdelmar.com\/en\/salina-santa-teresa-entrevista-a-angeles-chozas\/","og_locale":"en_US","og_type":"article","og_title":"Salina Santa Teresa: entrevista a \u00c1ngeles Chozas - Mujeres del Mar","og_description":"\u00c1ngeles Chozas nos habla de Salina Santa Teresa, que une gastronom\u00eda, educaci\u00f3n y amor por la Bah\u00eda de C\u00e1diz en un entorno natural protegido.","og_url":"https:\/\/mujeresdelmar.com\/en\/salina-santa-teresa-entrevista-a-angeles-chozas\/","og_site_name":"Mujeres del Mar","article_published_time":"2025-07-21T15:15:32+00:00","article_modified_time":"2025-07-28T14:50:51+00:00","og_image":[{"width":1600,"height":1064,"url":"https:\/\/mujeresdelmar.com\/wp-content\/uploads\/2025\/07\/Angeles-Salina-Santa-Teresa.jpg","type":"image\/jpeg"}],"author":"Mujeres del Mar","twitter_card":"summary_large_image","twitter_misc":{"Written by":"Mujeres del Mar","Est. reading time":"7 minutes"},"schema":{"@context":"https:\/\/schema.org","@graph":[{"@type":"Article","@id":"https:\/\/mujeresdelmar.com\/salina-santa-teresa-entrevista-a-angeles-chozas\/#article","isPartOf":{"@id":"https:\/\/mujeresdelmar.com\/salina-santa-teresa-entrevista-a-angeles-chozas\/"},"author":{"name":"Mujeres del Mar","@id":"https:\/\/mujeresdelmar.com\/#\/schema\/person\/c29b6e0ea21a6d22dfc17ce0aba961dc"},"headline":"Salina Santa Teresa: entrevista a \u00c1ngeles Chozas","datePublished":"2025-07-21T15:15:32+00:00","dateModified":"2025-07-28T14:50:51+00:00","mainEntityOfPage":{"@id":"https:\/\/mujeresdelmar.com\/salina-santa-teresa-entrevista-a-angeles-chozas\/"},"wordCount":1106,"publisher":{"@id":"https:\/\/mujeresdelmar.com\/#organization"},"image":{"@id":"https:\/\/mujeresdelmar.com\/salina-santa-teresa-entrevista-a-angeles-chozas\/#primaryimage"},"thumbnailUrl":"https:\/\/mujeresdelmar.com\/wp-content\/uploads\/2025\/07\/Angeles-Salina-Santa-Teresa.jpg","keywords":["areas marinas protegidas","Bah\u00eda de C\u00e1diz","conservaci\u00f3n marina","Rostros de la Bah\u00eda","Salina Santa Teresa","Spa Salino","Talasoterapia"],"articleSection":["Econom\u00eda Azul","Historias de mujeres","Proyectos"],"inLanguage":"en-US"},{"@type":"WebPage","@id":"https:\/\/mujeresdelmar.com\/salina-santa-teresa-entrevista-a-angeles-chozas\/","url":"https:\/\/mujeresdelmar.com\/salina-santa-teresa-entrevista-a-angeles-chozas\/","name":"Salina Santa Teresa: entrevista a \u00c1ngeles Chozas - Mujeres del Mar","isPartOf":{"@id":"https:\/\/mujeresdelmar.com\/#website"},"primaryImageOfPage":{"@id":"https:\/\/mujeresdelmar.com\/salina-santa-teresa-entrevista-a-angeles-chozas\/#primaryimage"},"image":{"@id":"https:\/\/mujeresdelmar.com\/salina-santa-teresa-entrevista-a-angeles-chozas\/#primaryimage"},"thumbnailUrl":"https:\/\/mujeresdelmar.com\/wp-content\/uploads\/2025\/07\/Angeles-Salina-Santa-Teresa.jpg","datePublished":"2025-07-21T15:15:32+00:00","dateModified":"2025-07-28T14:50:51+00:00","description":"\u00c1ngeles Chozas nos habla de Salina Santa Teresa, que une gastronom\u00eda, educaci\u00f3n y amor por la Bah\u00eda de C\u00e1diz en un entorno natural protegido.","breadcrumb":{"@id":"https:\/\/mujeresdelmar.com\/salina-santa-teresa-entrevista-a-angeles-chozas\/#breadcrumb"},"inLanguage":"en-US","potentialAction":[{"@type":"ReadAction","target":["https:\/\/mujeresdelmar.com\/salina-santa-teresa-entrevista-a-angeles-chozas\/"]}]},{"@type":"ImageObject","inLanguage":"en-US","@id":"https:\/\/mujeresdelmar.com\/salina-santa-teresa-entrevista-a-angeles-chozas\/#primaryimage","url":"https:\/\/mujeresdelmar.com\/wp-content\/uploads\/2025\/07\/Angeles-Salina-Santa-Teresa.jpg","contentUrl":"https:\/\/mujeresdelmar.com\/wp-content\/uploads\/2025\/07\/Angeles-Salina-Santa-Teresa.jpg","width":1600,"height":1064},{"@type":"BreadcrumbList","@id":"https:\/\/mujeresdelmar.com\/salina-santa-teresa-entrevista-a-angeles-chozas\/#breadcrumb","itemListElement":[{"@type":"ListItem","position":1,"name":"Portada","item":"https:\/\/mujeresdelmar.com\/"},{"@type":"ListItem","position":2,"name":"Salina Santa Teresa: entrevista a \u00c1ngeles Chozas"}]},{"@type":"WebSite","@id":"https:\/\/mujeresdelmar.com\/#website","url":"https:\/\/mujeresdelmar.com\/","name":"Mujeres del Mar","description":"Historias inspiradoras de las mujeres que se dedican al mar","publisher":{"@id":"https:\/\/mujeresdelmar.com\/#organization"},"potentialAction":[{"@type":"SearchAction","target":{"@type":"EntryPoint","urlTemplate":"https:\/\/mujeresdelmar.com\/?s={search_term_string}"},"query-input":{"@type":"PropertyValueSpecification","valueRequired":true,"valueName":"search_term_string"}}],"inLanguage":"en-US"},{"@type":"Organization","@id":"https:\/\/mujeresdelmar.com\/#organization","name":"Mujeres del Mar","url":"https:\/\/mujeresdelmar.com\/","logo":{"@type":"ImageObject","inLanguage":"en-US","@id":"https:\/\/mujeresdelmar.com\/#\/schema\/logo\/image\/","url":"https:\/\/mujeresdelmar.com\/wp-content\/uploads\/2022\/09\/IMAGO-TAG-1-TEXTURE-3-26-e1672509099822.png","contentUrl":"https:\/\/mujeresdelmar.com\/wp-content\/uploads\/2022\/09\/IMAGO-TAG-1-TEXTURE-3-26-e1672509099822.png","width":1152,"height":547,"caption":"Mujeres del Mar"},"image":{"@id":"https:\/\/mujeresdelmar.com\/#\/schema\/logo\/image\/"},"sameAs":["https:\/\/www.instagram.com\/mujeresdelmar__\/","https:\/\/www.linkedin.com\/company\/mujeres-del-mar\/","https:\/\/open.spotify.com\/show\/1Zi4gDVZc7e12kOr2MyplQ"]},{"@type":"Person","@id":"https:\/\/mujeresdelmar.com\/#\/schema\/person\/c29b6e0ea21a6d22dfc17ce0aba961dc","name":"Mujeres del Mar","image":{"@type":"ImageObject","inLanguage":"en-US","@id":"https:\/\/mujeresdelmar.com\/#\/schema\/person\/image\/","url":"https:\/\/secure.gravatar.com\/avatar\/20b0d6993ab985700002a8b6c3cb588c52f53fed3bb64cbf97e4b5c074acf95f?s=96&d=mm&r=g","contentUrl":"https:\/\/secure.gravatar.com\/avatar\/20b0d6993ab985700002a8b6c3cb588c52f53fed3bb64cbf97e4b5c074acf95f?s=96&d=mm&r=g","caption":"Mujeres del Mar"},"url":"https:\/\/mujeresdelmar.com\/en\/author\/mujeres-del-mar\/"}]}},"_links":{"self":[{"href":"https:\/\/mujeresdelmar.com\/en\/wp-json\/wp\/v2\/posts\/1769","targetHints":{"allow":["GET"]}}],"collection":[{"href":"https:\/\/mujeresdelmar.com\/en\/wp-json\/wp\/v2\/posts"}],"about":[{"href":"https:\/\/mujeresdelmar.com\/en\/wp-json\/wp\/v2\/types\/post"}],"author":[{"embeddable":true,"href":"https:\/\/mujeresdelmar.com\/en\/wp-json\/wp\/v2\/users\/4"}],"replies":[{"embeddable":true,"href":"https:\/\/mujeresdelmar.com\/en\/wp-json\/wp\/v2\/comments?post=1769"}],"version-history":[{"count":11,"href":"https:\/\/mujeresdelmar.com\/en\/wp-json\/wp\/v2\/posts\/1769\/revisions"}],"predecessor-version":[{"id":1792,"href":"https:\/\/mujeresdelmar.com\/en\/wp-json\/wp\/v2\/posts\/1769\/revisions\/1792"}],"wp:featuredmedia":[{"embeddable":true,"href":"https:\/\/mujeresdelmar.com\/en\/wp-json\/wp\/v2\/media\/1777"}],"wp:attachment":[{"href":"https:\/\/mujeresdelmar.com\/en\/wp-json\/wp\/v2\/media?parent=1769"}],"wp:term":[{"taxonomy":"category","embeddable":true,"href":"https:\/\/mujeresdelmar.com\/en\/wp-json\/wp\/v2\/categories?post=1769"},{"taxonomy":"post_tag","embeddable":true,"href":"https:\/\/mujeresdelmar.com\/en\/wp-json\/wp\/v2\/tags?post=1769"}],"curies":[{"name":"wp","href":"https:\/\/api.w.org\/{rel}","templated":true}]}}